{"id":3228,"date":"2023-10-14T13:42:09","date_gmt":"2023-10-14T11:42:09","guid":{"rendered":"https:\/\/ambervale.net\/?p=3228"},"modified":"2025-01-22T18:10:19","modified_gmt":"2025-01-22T17:10:19","slug":"terresdunord","status":"publish","type":"post","link":"https:\/\/ambervale.net\/index.php\/2023\/10\/14\/terresdunord\/","title":{"rendered":"Terres du Nord"},"content":{"rendered":"<div class=\"vce-row-container\"><div class=\"vce-row vce-row--has-col-background vce-row--col-gap-30 vce-row-equal-height vce-row-content--top\" data-vce-full-width=\"true\" data-vce-stretch-content=\"true\" id=\"el-80c59092\" data-vce-do-apply=\"all el-80c59092\"><div class=\"vce-content-background-container\"><\/div><div class=\"vce-row-content\" data-vce-element-content=\"true\"><div class=\"vce-col vce-col--md-82p vce-col--xs-1 vce-col--xs-last vce-col--xs-first vce-col--sm-last vce-col--sm-first vce-col--md-first vce-col--lg-first vce-col--xl-first\" id=\"el-22481620\"><div class=\"vce-col-inner\" data-vce-do-apply=\"border margin background  el-22481620\"><div class=\"vce-col-content\" data-vce-element-content=\"true\" data-vce-do-apply=\"padding el-22481620\"><div class=\"vce-text-block\"><div class=\"vce-text-block-wrapper vce\" id=\"el-c25e7f48\" data-vce-do-apply=\"all el-c25e7f48\"><p>Les Terres du Nord, une r\u00e9gion l\u00e9gendaire et aust\u00e8re, abritent un peuple farouche et intr\u00e9pide connu sous le nom de Nordiens, ou Norrois. Cette contr\u00e9e est marqu\u00e9e par des paysages diversifi\u00e9s, de la p\u00e9ninsule du N\u00f6rdt, o\u00f9 les c\u00f4tes d\u00e9coup\u00e9es par les fjords rencontrent des r\u00e9gions agricoles au sud et des terres glac\u00e9es au nord, \u00e0 Drekkjugar\u00f0ar, l'\u00eele aux monstres, o\u00f9 la temp\u00e9rature glaciale r\u00e8gne en permanence, attribu\u00e9e \u00e0 une suppos\u00e9e mal\u00e9diction de la Reine de givre. La soci\u00e9t\u00e9 nordienne est organis\u00e9e autour de chefs de clans, les Jarls et les Thanes, qui se r\u00e9unissent lors de l'Althing, une assembl\u00e9e politique pour \u00e9lire de nouveaux dirigeants et r\u00e9soudre les conflits. La culture nordienne honore \u00e0 la fois la guerre et la paix, tout en vouant un respect profond \u00e0 la nature et \u00e0 l'animisme. Leurs croyances religieuses s'articulent autour de six dieux \u00e9l\u00e9mentaires qui ont fa\u00e7onn\u00e9 le monde et d'une d\u00e9esse de la vie et de la mort, Sk\u00ebra, qui guide les \u00e2mes apr\u00e8s le tr\u00e9pas. La cuisine nordienne est une ode aux saveurs robustes, et leur mode de vie repose sur des valeurs de loyaut\u00e9, de courage et d'honneur. Les Nordiens sont des guerriers redoutables, et leur culture vibrante et myst\u00e9rieuse continue de fasciner ceux qui cherchent \u00e0 explorer ces terres au-del\u00e0 des mers.<\/p><\/div><\/div><div class=\"vce vce-separator-container vce-separator--align-center vce-separator--style-solid\" id=\"el-7e555ee9\" data-vce-do-apply=\"margin el-7e555ee9\"><div class=\"vce-separator vce-separator--color-bfc0c1 vce-separator--width-100 vce-separator--thickness-1\" data-vce-do-apply=\"border padding background  el-7e555ee9\"><\/div><\/div><div class=\"vce-text-block\"><div class=\"vce-text-block-wrapper vce\" id=\"el-c7bb7fd8\" data-vce-do-apply=\"all el-c7bb7fd8\"><h2>G\u00e9ographie<\/h2><p>Les Terres du Nord se composent principalement de deux r\u00e9gions distinctes, chacune dot\u00e9e de sa propre g\u00e9ographie unique.<\/p><p><strong>La p\u00e9ninsule du N\u00f6rdt<\/strong>, reli\u00e9e au continent d'Essanten, est une r\u00e9gion aux climats vari\u00e9s. Au sud, un climat temp\u00e9r\u00e9 pr\u00e9vaut, favorisant une agriculture abondante. Les terres fertiles permettent la culture de c\u00e9r\u00e9ales, l'\u00e9levage de b\u00e9tail et la p\u00eache. Cependant, \u00e0 mesure que l'on avance vers le nord, la temp\u00e9rature diminue consid\u00e9rablement. La topographie c\u00f4ti\u00e8re est marqu\u00e9e par une s\u00e9rie de fjords glaciaires, offrant des abris naturels pour les navires Nordiens et des paysages \u00e0 couper le souffle. Les habitants des r\u00e9gions les plus septentrionales privil\u00e9gient la chasse aux activit\u00e9s agricoles, adaptant leur mode de vie rigoureux aux conditions climatiques plus rudes.<\/p><p><strong>Drekkjugar\u00f0ar (se prononce Drek-Ju-Gar-Zar)<\/strong> (l'\u00eele aux monstres en langue commune), est une \u00e9tendue glaciale et impitoyable. Ici, le froid hivernal est une r\u00e9alit\u00e9 tout au long de l'ann\u00e9e, cr\u00e9ant un paysage gel\u00e9 et hostile. Selon la l\u00e9gende, la mal\u00e9diction de la Reine de Givre est responsable de ce climat inhospitalier. L'\u00eele est parsem\u00e9e de formations de glace spectaculaires, de montagnes enneig\u00e9es et de cavernes myst\u00e9rieuses. Les Nordiens consid\u00e8rent cette \u00eele comme un endroit \u00e0 la fois redoutable et sacr\u00e9, et ils racontent des r\u00e9cits de cr\u00e9atures myst\u00e9rieuses qui hantent ces terres gel\u00e9es.<\/p><\/div><\/div><\/div><\/div><\/div><div class=\"vce-col vce-element--has-background vce-col--md-18p vce-col--xs-1 vce-col--xs-last vce-col--xs-first vce-col--sm-last vce-col--sm-first vce-col--md-last vce-col--lg-last vce-col--xl-last\" id=\"el-f3e4045e\"><div class=\"vce-col-inner\" data-vce-do-apply=\"border margin background  el-f3e4045e\"><div class=\"vce-content-background-container\"><\/div><div class=\"vce-col-content\" data-vce-element-content=\"true\" data-vce-do-apply=\"padding el-f3e4045e\"><div class=\"vce-single-image-container vce-single-image--align-center\"><div class=\"vce vce-single-image-wrapper\" id=\"el-47246b4f\" data-vce-do-apply=\"all el-47246b4f\"><figure><div class=\"vce-single-image-figure-inner\" style=\"width: 360px;\"><div class=\"vce-single-image-inner vce-single-image--absolute vce-single-image--border-rounded\" style=\"width: 100%; padding-bottom: 96.6667%;\"><img loading=\"lazy\" decoding=\"async\" class=\"vce-single-image\"  width=\"360\" height=\"348\" srcset=\"https:\/\/ambervale.net\/wp-content\/uploads\/2023\/10\/Dalskaar-miniature-320x309.png 320w, https:\/\/ambervale.net\/wp-content\/uploads\/2025\/01\/Dalskaar-miniature-360x348.png 360w\" src=\"https:\/\/ambervale.net\/wp-content\/uploads\/2025\/01\/Dalskaar-miniature-360x348.png\" data-img-src=\"https:\/\/ambervale.net\/wp-content\/uploads\/2023\/10\/Dalskaar-miniature.png\" data-attachment-id=\"3231\"  alt=\"\" title=\"Dalskaar miniature\" \/><\/div><\/div><figcaption hidden=\"\"><\/figcaption><\/figure><\/div><\/div><div class=\"vce-text-block\"><div class=\"vce-text-block-wrapper vce\" id=\"el-2449b2c9\" data-vce-do-apply=\"all el-2449b2c9\"><table class=\" alignleft\" style=\"height: 138px; width: 105.06%; border-collapse: collapse;\" cellspacing=\"2\">\n<tbody>\n<tr style=\"height: 16px;\">\n<td style=\"width: 32.7357%; height: 16px; line-height: 1; vertical-align: top;\">\n<p><strong>Nom(s):<\/strong><\/p>\n<\/td>\n<td style=\"width: 67.2643%; height: 16px; line-height: 1; vertical-align: top;\">\n<p>Terres du Nord<\/p>\n<\/td>\n<\/tr>\n<tr style=\"height: 16px;\">\n<td style=\"width: 32.7357%; height: 16px; line-height: 1; vertical-align: top;\">\n<p><strong><span style=\"font-size: inherit;\">Gentil\u00e9:<\/span><\/strong><\/p>\n<\/td>\n<td style=\"width: 67.2643%; height: 16px; line-height: 1; vertical-align: top;\">\n<p>Norrois \/ Norroise<br>Nordien \/ Nordienne<\/p>\n<\/td>\n<\/tr>\n<tr style=\"height: 16px;\">\n<td style=\"width: 32.7357%; height: 16px; line-height: 1; vertical-align: top;\">\n<p><strong>Races principales:<\/strong><\/p>\n<\/td>\n<td style=\"width: 67.2643%; height: 16px; line-height: 1; vertical-align: top;\">\n<p>Valiens<br>Grim-roks (Rares)<\/p>\n<\/td>\n<\/tr>\n<tr style=\"height: 16px;\">\n<td style=\"width: 32.7357%; height: 16px; line-height: 1; vertical-align: top;\">\n<p><strong>Fondation:<\/strong><\/p>\n<\/td>\n<td style=\"width: 67.2643%; height: 16px; line-height: 1; vertical-align: top;\">\n<p>-8'000 avant le s\u00e9isme<\/p>\n<\/td>\n<\/tr>\n<tr style=\"height: 16px;\">\n<td style=\"width: 32.7357%; height: 16px; line-height: 1; vertical-align: top;\">\n<p><strong>R\u00e9gime:<\/strong><\/p>\n<\/td>\n<td style=\"width: 67.2643%; height: 16px; line-height: 1; vertical-align: top;\">\n<p>Alliances de clans<\/p>\n<\/td>\n<\/tr>\n<tr>\n<td style=\"width: 32.7357%; line-height: 1; vertical-align: top;\">\n<p><strong>Capitale:<\/strong><\/p>\n<\/td>\n<td style=\"width: 67.2643%; line-height: 1; vertical-align: top;\">\n<p>Aucune \/ Dalskaar, d\u00e9pendant de la p\u00e9riode<\/p>\n<\/td>\n<\/tr>\n<tr style=\"height: 16px;\">\n<td style=\"width: 32.7357%; height: 16px; line-height: 1; vertical-align: top;\">\n<p><strong>Dirigeant:<\/strong><\/p>\n<\/td>\n<td style=\"width: 67.2643%; height: 16px; line-height: 1; vertical-align: top;\">\n<p>Chaque clan a son dirigeant<\/p>\n<\/td>\n<\/tr>\n<tr style=\"height: 16px;\">\n<td style=\"width: 32.7357%; height: 16px; line-height: 1; vertical-align: top;\">\n<p><strong>Langues:<\/strong><\/p>\n<\/td>\n<td style=\"width: 67.2643%; height: 16px; line-height: 1; vertical-align: top;\">\n<p>Commun<br>Norrois<br>Grimdalois (rare)<\/p>\n<\/td>\n<\/tr>\n<tr>\n<td style=\"width: 32.7357%; line-height: 1; vertical-align: top;\">\n<p><strong>Inspirations:<\/strong><\/p>\n<\/td>\n<td style=\"width: 67.2643%; line-height: 1; vertical-align: top;\">\n<p>Vikings<\/p>\n<\/td>\n<\/tr>\n<\/tbody>\n<\/table><\/div><\/div><\/div><\/div><\/div><\/div><\/div><\/div><div class=\"vce-row-container\"><div class=\"vce-row vce-row--col-gap-30 vce-row-equal-height vce-row-content--top\" data-vce-full-width=\"true\" data-vce-stretch-content=\"true\" id=\"el-1f21b45a\" data-vce-do-apply=\"all el-1f21b45a\"><div class=\"vce-row-content\" data-vce-element-content=\"true\"><div class=\"vce-col vce-col--md-auto vce-col--xs-1 vce-col--xs-last vce-col--xs-first vce-col--sm-last vce-col--sm-first vce-col--md-last vce-col--lg-last vce-col--xl-last vce-col--md-first vce-col--lg-first vce-col--xl-first\" id=\"el-004906c7\"><div class=\"vce-col-inner\" data-vce-do-apply=\"border margin background  el-004906c7\"><div class=\"vce-col-content\" data-vce-element-content=\"true\" data-vce-do-apply=\"padding el-004906c7\"><div class=\"vce vce-separator-container vce-separator--align-center vce-separator--style-solid\" id=\"el-78f8b44d\" data-vce-do-apply=\"margin el-78f8b44d\"><div class=\"vce-separator vce-separator--color-bfc0c1 vce-separator--width-100 vce-separator--thickness-1\" data-vce-do-apply=\"border padding background  el-78f8b44d\"><\/div><\/div><div class=\"vce-single-image-container vce-single-image--align-center\"><div class=\"vce vce-single-image-wrapper\" id=\"el-e8351aa8\" data-vce-do-apply=\"all el-e8351aa8\"><figure><div class=\"vce-single-image-figure-inner\" style=\"width: 1801px;\"><div class=\"vce-single-image-inner vce-single-image--absolute\" style=\"width: 100%; padding-bottom: 43.4758%;\"><img loading=\"lazy\" decoding=\"async\" class=\"vce-single-image\"  width=\"1801\" height=\"783\" srcset=\"https:\/\/ambervale.net\/wp-content\/uploads\/2023\/10\/Dalskaar-Carte-1-320x139.png 320w, https:\/\/ambervale.net\/wp-content\/uploads\/2023\/10\/Dalskaar-Carte-1-480x209.png 480w, https:\/\/ambervale.net\/wp-content\/uploads\/2023\/10\/Dalskaar-Carte-1-800x348.png 800w, https:\/\/ambervale.net\/wp-content\/uploads\/2025\/01\/Dalskaar-Carte-1-1801x783.png 1801w\" src=\"https:\/\/ambervale.net\/wp-content\/uploads\/2025\/01\/Dalskaar-Carte-1-1801x783.png\" data-img-src=\"https:\/\/ambervale.net\/wp-content\/uploads\/2023\/10\/Dalskaar-Carte-1.png\" data-attachment-id=\"3235\"  alt=\"\" title=\"Dalskaar Carte\" \/><\/div><\/div><figcaption hidden=\"\"><\/figcaption><\/figure><\/div><\/div><\/div><\/div><\/div><\/div><\/div><\/div><div class=\"vce-row-container\"><div class=\"vce-row vce-row--col-gap-30 vce-row-equal-height vce-row-content--top\" data-vce-full-width=\"true\" data-vce-stretch-content=\"true\" id=\"el-050e42a5\" data-vce-do-apply=\"all el-050e42a5\"><div class=\"vce-row-content\" data-vce-element-content=\"true\"><div class=\"vce-col vce-col--md-auto vce-col--xs-1 vce-col--xs-last vce-col--xs-first vce-col--sm-last vce-col--sm-first vce-col--md-last vce-col--lg-last vce-col--xl-last vce-col--md-first vce-col--lg-first vce-col--xl-first\" id=\"el-6cb98915\"><div class=\"vce-col-inner\" data-vce-do-apply=\"border margin background  el-6cb98915\"><div class=\"vce-col-content\" data-vce-element-content=\"true\" data-vce-do-apply=\"padding el-6cb98915\"><div class=\"vce vce-separator-container vce-separator--align-center vce-separator--style-solid\" id=\"el-83b2b823\" data-vce-do-apply=\"margin el-83b2b823\"><div class=\"vce-separator vce-separator--color-bfc0c1 vce-separator--width-100 vce-separator--thickness-1\" data-vce-do-apply=\"border padding background  el-83b2b823\"><\/div><\/div><div class=\"vce-text-block\"><div class=\"vce-text-block-wrapper vce\" id=\"el-4adc272a\" data-vce-do-apply=\"all el-4adc272a\"><h2>Politique<\/h2><p><img decoding=\"async\" class=\"aligncenter\" src=\"https:\/\/cdna.artstation.com\/p\/assets\/images\/images\/026\/721\/190\/large\/lee-teng-chew-w5-viking-revisionb.jpg?1589539122\" alt=\"Lee Teng Chew - Viking Village Sketch\"><\/p><div class=\"flex-1 overflow-hidden\"><div class=\"react-scroll-to-bottom--css-jzpwy-79elbk h-full dark:bg-gray-800\"><div class=\"react-scroll-to-bottom--css-jzpwy-1n7m0yu\"><div class=\"flex flex-col text-sm dark:bg-gray-800\"><div class=\"group final-completion w-full text-token-text-primary border-b border-black\/10 gizmo:border-0 dark:border-gray-900\/50 gizmo:dark:border-0 bg-gray-50 gizmo:bg-transparent dark:bg-[#444654] gizmo:dark:bg-transparent\" data-testid=\"conversation-turn-322\"><div class=\"p-4 justify-center text-base md:gap-6 md:py-6 m-auto\"><div class=\"flex flex-1 gap-4 text-base mx-auto md:gap-6 gizmo:gap-3 gizmo:md:px-5 gizmo:lg:px-1 gizmo:xl:px-5 md:max-w-2xl lg:max-w-[38rem] gizmo:md:max-w-3xl gizmo:lg:max-w-[40rem] gizmo:xl:max-w-[48rem] xl:max-w-3xl }\"><div class=\"relative flex w-[calc(100%-50px)] flex-col gizmo:w-full lg:w-[calc(100%-115px)] agent-turn\"><div class=\"flex-col gap-1 md:gap-3\"><div class=\"flex flex-grow flex-col gap-3 max-w-full\"><div class=\"min-h-[20px] flex flex-col items-start gap-3 whitespace-pre-wrap break-words overflow-x-auto\"><div class=\"markdown prose w-full break-words dark:prose-invert dark\"><p>Au sommet de la hi\u00e9rarchie se trouvent les <strong>Jarls<\/strong> et les <strong>Thanes<\/strong>, des chefs de clans. Les Jarls dirigent les plus grands domaines, tandis que les Thanes sont responsables de communaut\u00e9s plus modestes. Lors de <strong>l'Althing<\/strong>, une assembl\u00e9e politique majeure, les Thanes et les Jarls d'une m\u00eame alliance se rassemblent pour discuter, plannifier les prochaines raids, reconna\u00eetre de nouveaux Thanes, les \u00e9lever au rang de Jarls, ou \u00e9lire un Grand-Roi pour l'ensemble de l'alliances.<\/p><p>Les <strong>Hers\u00ecr<\/strong>, des nobles guerriers renomm\u00e9s, jouent un r\u00f4le crucial en dirigeant des hommes lors des exp\u00e9ditions et des raids, et ils sont tenus en haute estime par la soci\u00e9t\u00e9 Nordienne.<\/p><p>La majorit\u00e9 de la population se compose des <strong>B\u00e6ndr<\/strong>, des hommes libres, qui sont des fermiers, des p\u00eacheurs, et des artisans. Ces individus sont les piliers de la soci\u00e9t\u00e9 Nordienne, contribuant \u00e0 la prosp\u00e9rit\u00e9 des Terres du Nord par leur dur labeur et leur habilet\u00e9. Bien qu'ils n'aient pas le m\u00eame statut que les nobles guerriers, leur r\u00f4le est essentiel.<\/p><p>Enfin, les <strong>Tr\u00e6ll<\/strong> (esclaves) constituent la couche la plus basse de la soci\u00e9t\u00e9. Souvent, ces esclaves sont des criminels ou des prisonniers de guerre captur\u00e9s lors de raids. Toutefois, il existe une possibilit\u00e9, en fonction de leur int\u00e9gration dans la soci\u00e9t\u00e9 Nordienne ou apr\u00e8s avoir pay\u00e9 pour leurs crimes, de devenir ou redevenir des hommes libres.<\/p><p>Un point commun \u00e0 toutes les soci\u00e9t\u00e9s Nordiennes est le respect envers ses pairs, une valeur consid\u00e9r\u00e9e comme primordiale. Au sein des villages, cette notion s'appelle le \"<strong>Vir\u00f0ing<\/strong>\", un code de soci\u00e9t\u00e9 appelant pour les Hers\u00ecr, les Thanes et les Jarls, \u00e0 agir pour le bien de ceux en dessous d'eux. S'ils faillissaient \u00e0 cette tache, il pouvait arriver qu'ils abdiquent ou que leur titre leur soit retir\u00e9 lors de <strong>l'Althing.&nbsp;<\/strong><\/p><\/div><\/div><\/div><\/div><\/div><\/div><\/div><\/div><\/div><\/div><\/div><\/div><\/div><\/div><\/div><\/div><\/div><\/div><\/div><\/div><div class=\"vce-row-container\"><div class=\"vce-row vce-row--col-gap-30 vce-row-equal-height vce-row-content--top\" data-vce-full-width=\"true\" data-vce-stretch-content=\"true\" id=\"el-3b2792d6\" data-vce-do-apply=\"all el-3b2792d6\"><div class=\"vce-row-content\" data-vce-element-content=\"true\"><div class=\"vce-col vce-col--md-auto vce-col--xs-1 vce-col--xs-last vce-col--xs-first vce-col--sm-last vce-col--sm-first vce-col--md-last vce-col--lg-last vce-col--xl-last vce-col--md-first vce-col--lg-first vce-col--xl-first\" id=\"el-63d82cef\"><div class=\"vce-col-inner\" data-vce-do-apply=\"border margin background  el-63d82cef\"><div class=\"vce-col-content\" data-vce-element-content=\"true\" data-vce-do-apply=\"padding el-63d82cef\"><div class=\"vce vce-separator-container vce-separator--align-center vce-separator--style-solid\" id=\"el-977e3d8c\" data-vce-do-apply=\"margin el-977e3d8c\"><div class=\"vce-separator vce-separator--color-bfc0c1 vce-separator--width-100 vce-separator--thickness-1\" data-vce-do-apply=\"border padding background  el-977e3d8c\"><\/div><\/div><div class=\"vce-text-block\"><div class=\"vce-text-block-wrapper vce\" id=\"el-03cf7dc9\" data-vce-do-apply=\"all el-03cf7dc9\"><div><!-- This site is optimized with the Yoast SEO plugin v19.11 - https:\/\/yoast.com\/wordpress\/plugins\/seo\/ --> <!-- Avis aux administrateurs et administratrices\u00a0: cette page n\u2019affiche pas de m\u00e9ta description car elle n\u2019en a pas. Vous pouvez donc soit l\u2019ajouter sp\u00e9cifiquement pour cette page soit vous rendre dans vos r\u00e9glages (SEO - R\u00e9glages SEO) pour configurer un mod\u00e8le. --> <!-- \/ Yoast SEO plugin. --> <!-- [if lt IE 10]><br \/><link rel='stylesheet' id='dt-old-ie-css' href='https:\/\/ambervale.net\/wp-content\/themes\/dt-the7\/css\/old-ie.min.css?ver=5.6.1.2' type='text\/css' media='all' \/>\n<![endif]--><noscript><\/p>\n<style>.vce-row-container .vcv-lozad {display: none}<\/style>\n<p><\/noscript><\/div><div><h2>Culture<\/h2><p><img loading=\"lazy\" decoding=\"async\" class=\"alignleft\" src=\"https:\/\/i.pinimg.com\/1200x\/b4\/74\/7b\/b4747b6f6d5fc1f8bfc86b982a9bd232.jpg\" alt=\"Pin by H O R U S on v\u00f6\u013a.10 | Viking warrior woman, Viking character, Warrior woman\" width=\"367\" height=\"557\">Dans les Terres du Nord, la culture est impr\u00e9gn\u00e9e de traditions anciennes et de valeurs profond\u00e9ment enracin\u00e9es. La soci\u00e9t\u00e9 nordienne a une hi\u00e9rarchie peu d\u00e9velopp\u00e9e mais tr\u00e8s importante, avec une structure politique bas\u00e9e sur la reconnaissance des droits et des devoirs des individus. Les Nordiens accordent une grande importance \u00e0 la notion d'honneur, un concept qui fa\u00e7onne leur vie quotidienne. Au sein de cette soci\u00e9t\u00e9, l'homme et la femme occupent des r\u00f4les distincts mais compl\u00e9mentaires.<\/p><\/div><div><p>L'homme nordien est g\u00e9n\u00e9ralement consid\u00e9r\u00e9, dans le cadre famillial, comme le souverain \u00e0 l'ext\u00e9rieur du foyer. Il est responsable de la gestion des affaires politiques, de la conduite des raids, de la prise de d\u00e9cisions en temps de guerre et de la protection de son clan ou de son alliance. Les guerriers, appel\u00e9s Hers\u00ecr, sont hautement respect\u00e9s, car ce sont eux qui dirigent les troupes lors des exp\u00e9ditions et raids, ce qui est une source d'honneur et de prestige.<\/p><p>\u00c0 l'int\u00e9rieur du foyer, c'est la femme nordienne qui exerce le plus grand pouvoir. Elle est la gardienne du foyer, responsable de l'\u00e9ducation des enfants, de la gestion des ressources, de la pr\u00e9paration des repas, et elle est \u00e9galement consult\u00e9e pour les d\u00e9cisions familiales importantes. Le r\u00f4le de la femme est tout aussi essentiel que celui de l'homme, et elle est respect\u00e9e pour sa sagesse et sa force int\u00e9rieure.<\/p><p>Il est important de noter qu'il n'est pas rare de voir des femmes guerri\u00e8res parmi les Nordiens. Certaines femmes, nomm\u00e9es les Valkyries, choisissent de participer activement aux raids et aux combats, prouvant ainsi leur bravoure et leur habilet\u00e9 au combat. Dans certains clans, il n'est pas inhabituel de voir une femme acc\u00e9der au titre de Jarl, d\u00e9montrant ainsi qu'elles sont tout aussi capables que les hommes de diriger et de prot\u00e9ger leur peuple.<\/p><p>La cuisine des Terres du Nord est \u00e0 l'image de son environnement rude et de ses traditions guerri\u00e8res. Elle est robuste, consistante et \u00e9nerg\u00e9tique, parfaitement adapt\u00e9e aux conditions climatiques rigoureuses de la r\u00e9gion. Au c\u0153ur de cette gastronomie se trouve le poisson, en particulier le saumon, le hareng et le cabillaud, qui sont p\u00each\u00e9s abondamment dans les fjords glaciaires. Le poisson est pr\u00e9par\u00e9 de diverses mani\u00e8res, y compris le fumage et le s\u00e9chage, afin de le conserver pendant les longs hivers.<\/p><p>La viande, en particulier le gibier tel que le renne et l'\u00e9lan, joue \u00e9galement un r\u00f4le essentiel dans l'alimentation nordienne. Elle est souvent cuisin\u00e9e sous forme de rago\u00fbts copieux et de plats mijot\u00e9s pour en pr\u00e9server la saveur et la tendret\u00e9. Les baies sauvages, comme les myrtilles et les airelles, ajoutent une touche acidul\u00e9e aux plats, tandis que les l\u00e9gumes-racines, tels que les pommes de terre et les carottes, compl\u00e8tent les repas en apportant de l'amidon et des nutriments. Les Nordiens sont \u00e9galement connus pour leur utilisation g\u00e9n\u00e9reuse d'\u00e9pices, en particulier de la cannelle, du poivre noir et du gingembre, pill\u00e9s ou achet\u00e9s \u00e0 travers le monde par les explorateurs Nordiens, qui conf\u00e8rent \u00e0 leurs plats une saveur unique.<\/p><p>Les festins nordiens sont souvent l'occasion de rassembler les membres de la communaut\u00e9. Les plats sont servis en abondance, et les boissons, telles que l'hydromel et le c\u00e9l\u00e8bre \"bjorr\" (bi\u00e8re), coulent \u00e0 flot. Le festin est un moment de c\u00e9l\u00e9bration de la victoire apr\u00e8s un raid fructueux ou une r\u00e9colte abondante, marquant ainsi le lien \u00e9troit entre la nourriture, la culture et la tradition guerri\u00e8re des Nordiens.<\/p><p>La<strong> religion<\/strong> des Nordiens est profond\u00e9ment animiste, croyant en l'\u00e2me qui r\u00e9side en chaque \u00e9l\u00e9ment de la nature. Au c\u0153ur de leur foi se trouvent les six dieux \u00e9l\u00e9mentaires qui sont v\u00e9n\u00e9r\u00e9s comme les cr\u00e9ateurs du monde et les gardiens des forces qui le composent.<\/p><p>Elmisia, la d\u00e9esse de la glace, de l'eau, de la beaut\u00e9 et de l'humilit\u00e9, incarne une beaut\u00e9 froide et fi\u00e8re. Elle est pri\u00e9e pour la gr\u00e2ce de l'eau qui apporte la vie, mais aussi pour son pouvoir de glace, qui peut \u00eatre aussi destructeur que pacifique.<\/p><p>Heldur, le dieu du feu, de la guerre et des artisans, est une figure paternelle dont le courroux est craint, mais qui est \u00e9galement v\u00e9n\u00e9r\u00e9 pour sa capacit\u00e9 \u00e0 forger des armes et des outils exceptionnels.<\/p><p>Sylvaria, la d\u00e9esse de la terre, des r\u00e9coltes et de la fertilit\u00e9, est une figure maternelle rassurante. Elle est pri\u00e9e pour assurer des r\u00e9coltes abondantes et la croissance de la vie.<\/p><p>Seavard, le dieu du vent, de la libert\u00e9, et protecteur des voyageurs et des marins, est invoqu\u00e9 pour des vents favorables et pour la s\u00e9curit\u00e9 en mer.<\/p><p>Lyssandra, la d\u00e9esse de la lumi\u00e8re et de l'ordre, est v\u00e9n\u00e9r\u00e9e comme protectrice des communaut\u00e9s, apportant la clart\u00e9 et la paix.<\/p><p>Nj\u00f2la, la d\u00e9esse de l'ombre, du chaos et de l'inconnu, est v\u00e9n\u00e9r\u00e9e comme protectrice des guerriers qui partent en raids, apportant l'audace et la ruse n\u00e9cessaires \u00e0 leurs entreprises.<\/p><p>Selon la cosmogonie nordienne, ces six dieux \u00e9l\u00e9mentaires ont fa\u00e7onn\u00e9 les \u00e9l\u00e9ments du monde, ordonnant aux g\u00e9ants de cr\u00e9er les montagnes, les vall\u00e9es, les lacs et les plaines. Cette vision du monde influence profond\u00e9ment la vie quotidienne des Nordiens, de la chasse \u00e0 la construction des navires.<\/p><p>Enfin, Sk\u00ebra, la d\u00e9esse de la vie et de la mort, joue un r\u00f4le crucial dans la spiritualit\u00e9 nordienne. Elle est responsable du jugement des \u00e2mes apr\u00e8s la mort. La religion nordienne est impr\u00e9gn\u00e9e d'un profond respect pour les anc\u00eatres et la vie apr\u00e8s la mort, ce qui la rend centrale dans la culture de ce peuple farouche.<\/p><\/div><\/div><\/div><\/div><\/div><\/div><\/div><\/div><\/div><div class=\"vce-row-container\"><div class=\"vce-row vce-row--col-gap-30 vce-row-equal-height vce-row-content--top\" data-vce-full-width=\"true\" data-vce-stretch-content=\"true\" id=\"el-4fc4e180\" data-vce-do-apply=\"all el-4fc4e180\"><div class=\"vce-row-content\" data-vce-element-content=\"true\"><div class=\"vce-col vce-col--md-auto vce-col--xs-1 vce-col--xs-last vce-col--xs-first vce-col--sm-last vce-col--sm-first vce-col--md-last vce-col--lg-last vce-col--xl-last vce-col--md-first vce-col--lg-first vce-col--xl-first\" id=\"el-de366dfa\"><div class=\"vce-col-inner\" data-vce-do-apply=\"border margin background  el-de366dfa\"><div class=\"vce-col-content\" data-vce-element-content=\"true\" data-vce-do-apply=\"padding el-de366dfa\"><div class=\"vce vce-separator-container vce-separator--align-center vce-separator--style-solid\" id=\"el-cc96a1e5\" data-vce-do-apply=\"margin el-cc96a1e5\"><div class=\"vce-separator vce-separator--color-bfc0c1 vce-separator--width-100 vce-separator--thickness-1\" data-vce-do-apply=\"border padding background  el-cc96a1e5\"><\/div><\/div><div class=\"vce-text-block\"><div class=\"vce-text-block-wrapper vce\" id=\"el-2bb88f6b\" data-vce-do-apply=\"all el-2bb88f6b\"><div><!-- This site is optimized with the Yoast SEO plugin v20.6 - https:\/\/yoast.com\/wordpress\/plugins\/seo\/ --> <!-- Avis aux administrateurs et administratrices\u00a0: cette page n\u2019affiche pas de m\u00e9ta description car elle n\u2019en a pas. Vous pouvez donc soit l\u2019ajouter sp\u00e9cifiquement pour cette page soit vous rendre dans vos r\u00e9glages (Yoast SEO - R\u00e9glages) pour configurer un mod\u00e8le. --> <!-- \/ Yoast SEO plugin. --> <!-- [if lt IE 10]><br \/> \t<link rel='stylesheet' id='dt-old-ie-css' href='https:\/\/ambervale.net\/wp-content\/themes\/dt-the7\/css\/old-ie.min.css?ver=5.6.1.2' type='text\/css' media='all' \/>\n<![endif]--><noscript><\/p>\n<style>.vce-row-container .vcv-lozad {display: none}<\/style>\n<p><\/noscript><\/div><h2>Histoire<\/h2><div><div class=\"group w-full text-gray-800 dark:text-gray-100 border-b border-black\/10 dark:border-gray-900\/50 bg-gray-50 dark:bg-[#444654]\"><div class=\"text-base gap-4 md:gap-6 md:max-w-2xl lg:max-w-xl xl:max-w-3xl p-4 md:py-6 flex lg:px-0 m-auto\"><div class=\"relative flex w-[calc(100%-50px)] flex-col gap-1 md:gap-3 lg:w-[calc(100%-115px)]\"><div class=\"flex flex-grow flex-col gap-3\"><div class=\"min-h-[20px] flex flex-col items-start gap-4 whitespace-pre-wrap\"><p class=\"markdown prose w-full break-words dark:prose-invert light\">Les racines des peuples des Terres du Nord plongent profond\u00e9ment dans l'histoire, remontant au 8e mill\u00e9naire avant le S\u00e9isme, une \u00e9poque o\u00f9 les l\u00e9gendes s'entrelacent avec la r\u00e9alit\u00e9. Une de ces l\u00e9gendes fondatrices narre comment les premiers habitants de cette r\u00e9gion affront\u00e8rent et triomph\u00e8rent des colossales cr\u00e9atures connues sous le nom de g\u00e9ants. Cet exploit h\u00e9ro\u00efque, selon la tradition, lib\u00e9ra leur peuple, tracant ainsi la voie vers la cr\u00e9ation des civilisations qui allaient prosp\u00e9rer dans les Terres du Nord.<\/p><p>La d\u00e9couverte de l'\u00eele de Drekkjugar\u00f0ar remonte au 21e si\u00e8cle avant le s\u00e9isme et constitue une histoire fascinante parmi les Nordiens. Cette l\u00e9gende, nomm\u00e9e la l\u00e9gende de la Reine de Givre, est souvent racont\u00e9e autour des feux de camp pour c\u00e9l\u00e9brer le courage des premiers navigateurs nordiens qui ont d\u00e9couvert cette myst\u00e9rieuse \u00eele, mais aussi comment celle-ci devient un enfer de glace et de d\u00e9solation. Selon la l\u00e9gende, le tout premier Jarl de Drekkjugar\u00f0ar, nomm\u00e9 Ingvar le Hardi, \u00e9tait un homme de grande ambition et de puissance. Il \u00e9tait admir\u00e9 pour sa bravoure en mer, ses prouesses guerri\u00e8res et son habilet\u00e9 \u00e0 diriger son peuple dans les moments les plus complexes. Cependant, Ingvar \u00e9tait \u00e9galement connu pour \u00eatre un homme insensible et cupide dans la sph\u00e8re priv\u00e9e, et il trahit sa femme, une sorci\u00e8re talentueuse nomm\u00e9e Sylvi, en cherchant \u00e0 la faire ex\u00e9cuter pour la remplacer par une nouvelle \u00e9pouse plus jeune.<\/p><p>Sylvi \u00e9tait une femme exceptionnelle, respect\u00e9e pour sa sagesse et ses pouvoirs magiques. Lorsqu'elle d\u00e9couvrit la trahison d'Ingvar, elle fut consum\u00e9e par la douleur et la col\u00e8re. Dans un acte de d\u00e9sespoir et de vengeance, elle d\u00e9cida de passer un pacte avec un esprit des glaces, un \u00eatre ancien vivant dans les glaciers recul\u00e9s au c\u0153ur de l'\u00eele. L'esprit des glaces, nomm\u00e9 Hrimnor, fut touch\u00e9 par la d\u00e9tresse de la reine, et promit \u00e9 Sylvi de maudire l'\u00eele de Drekkjugar\u00f0ar pour l'\u00e9ternit\u00e9. Alors que la sorci\u00e8re pronon\u00e7a les mots incantatoires et offrit son propre sang en sacrifice, une temp\u00eate d'une violence inou\u00efe s'abattit sur l'\u00eele, recouvrant ses c\u00f4tes de glace \u00e9ternelle et condamnant ses habitants \u00e0 endurer un climat implacable.<\/p><p>Au 17e si\u00e8cle avant le S\u00e9isme, des explorateurs intr\u00e9pides originaires des Terres du Nord entreprirent des voyages audacieux en mer, orientant leurs proues vers l'ouest en qu\u00eate d'horizons inconnus. Les rives de ce territoire, futur Kaltland, apparurent enfin \u00e0 leurs yeux curieux. Des groupes de Nordiens d\u00e9barqu\u00e8rent sur ces rivages lointains, s'\u00e9tablissant dans la r\u00e9gion. Ce fut une p\u00e9riode tumultueuse, marqu\u00e9e par des affrontements fr\u00e9quents et complexes entre les autochtones et les nouveaux arrivants nordiens. Les conflits et les alliances se succ\u00e9d\u00e8rent, les rivalit\u00e9s locales ensanglantant ces terres. Cependant, l'ann\u00e9e -1421 marqua un tournant significatif, lorsque les diff\u00e9rents clans, fatigu\u00e9s des luttes fratricides, d\u00e9cid\u00e8rent de mettre de c\u00f4t\u00e9 leurs querelles pour fonder enfin un royaume commun, donnant naissance ainsi au Royaume du Kaltland.<\/p><p>Au cours du 14e si\u00e8cle avant le S\u00e9isme, les Nordiens firent face \u00e0 une menace grandissante : les colons venus d'Althaia, dont les terres s'\u00e9tendaient progressivement vers le nord. Les premiers contacts entre les autochtones et les colons althaiens variaient de rencontres hostiles \u00e0 des \u00e9changes commerciaux plus pacifiques. Cependant, la donne changea radicalement avec la proclamation de l'Empire Althaien en l'an -967.<\/p><p>La soudaine mont\u00e9e en puissance de l'Empire Althaien et sa soif d'expansion alarm\u00e8rent les clans nordiens. Face \u00e0 cette menace grandissante, il devint rapidement \u00e9vident que l'unit\u00e9 \u00e9tait n\u00e9cessaire pour r\u00e9sister \u00e0 l'expansion de cet empire puissant. C'est ainsi qu'une coalition de clans, sous la banni\u00e8re d'un grand roi respect\u00e9, s'unifia pour d\u00e9fendre leurs terres ancestrales. Cette union allait marquer un tournant d\u00e9cisif dans l'histoire des Terres du Nord, une p\u00e9riode de conflits et de r\u00e9voltes, mais aussi de consolidation et d'\u00e9panouissement de cette culture nordienne unique.<\/p><p>Au cours de la p\u00e9riode allant de -892 \u00e0 -885, le Kaltland fut le th\u00e9\u00e2tre de l'une des guerres de succession les plus significatives de son histoire, connue sous le nom de la Guerre des Skaldes. Cette guerre \u00e9clata \u00e0 la suite de la mort sans h\u00e9ritier du roi Allen Mac Russel. Le roi de Dlskaar Eorun Barenson, alors Grand-roi du Nord, revendiqua avec insistance ses droits \u00e0 la succession du Kaltland.<\/p><p>Les batailles et les conflits qui se sont ensuivis \u00e9branl\u00e8rent profond\u00e9ment le royaume. La guerre atteignit son apog\u00e9e lors de la bataille de Lochbrech, l'ancienne capitale du Kaltland. C'est l\u00e0 que le roi Dalskarien Eorun Barenson trouva la mort. Sa disparition mit un terme \u00e0 la Guerre des Skaldes, laissant le Kaltland dans une p\u00e9riode de deuil et de reconstruction tandis que la mort du Grand-Roi provoqua l'\u00e9clatement de l'unit\u00e9 dans le nord<\/p><p>Au cours du 7\u00e8me si\u00e8cle avant le s\u00e9isme, des explorateurs et guerriers du Nord d\u00e9cid\u00e8rent de mettre leur courage \u00e0 l'\u00e9preuve en entreprenant des raids audacieux vers l'ouest, franchissant les mers pour explorer des contr\u00e9es lointaines. Ces aventuriers t\u00e9m\u00e9raires finirent par se lancer dans une tentative d'invasion du royaume du Griezski, un territoire qui \u00e9tait alors inconnu pour eux.<\/p><p>Malheureusement, leur entreprise de conqu\u00eate \u00e9choua, les for\u00e7ant \u00e0 se retirer en fin de compte. Toutefois, au lieu de rebrousser chemin et de rentrer chez eux, plusieurs Nordiens, attir\u00e9s par la terre fertile et les opportunit\u00e9s offertes par le Griezski, d\u00e9cid\u00e8rent de s'installer sur ces terres nouvellement d\u00e9couvertes.<\/p><p>Cette migration nordique vers le Griezski eut un impact significatif sur la r\u00e9gion et contribua \u00e0 fa\u00e7onner les \u00e9v\u00e9nements futurs dans le Nord et au Griezski. Elle ouvrit \u00e9galement la voie \u00e0 de nouvelles interactions entre les peuples nordiques et les habitants de ces terres lointaines, marquant ainsi le d\u00e9but d'une \u00e8re de changements et de d\u00e9fis.<\/p><p>Les si\u00e8cles qui suivirent furent principalement caract\u00e9ris\u00e9s par une r\u00e9sistance farouche des terres du Nord face aux incessantes tentatives d'invasion orchestr\u00e9es par Althaia. Cette p\u00e9riode fut marqu\u00e9e par une s\u00e9rie de conflits, de batailles \u00e9piques et d'alliances fluctuantes.<\/p><p>Ce fut le d\u00e9but d'une s\u00e9rie de conflits appel\u00e9e \"Guerres du Nord\". Ces guerres f\u00e9roces \u00e9taient marqu\u00e9es par des escarmouches le long des fronti\u00e8res, des si\u00e8ges prolong\u00e9s et des combats acharn\u00e9s. Les Nordiens, forts de leur esprit guerrier, repouss\u00e8rent les envahisseurs \u00e0 plusieurs reprises, infligeant des pertes significatives aux l\u00e9gions Althaiennes.<\/p><p>Ces guerres d\u00e9finirent une p\u00e9riode de tensions constantes entre les deux r\u00e9gions, Althaia cherchant \u00e0 s'\u00e9tendre toujours plus au nord et les Nordiens s'unissant pour prot\u00e9ger leurs terres. Les fronti\u00e8res furent maintes fois contest\u00e9es, toujours plus repouss\u00e9es vers le Nord. La r\u00e9gion frontali\u00e8re, en constante effervescence, se transforma en un m\u00e9lange complexe de cultures et de population.<\/p><div>&nbsp;<\/div><\/div><\/div><\/div><\/div><\/div><\/div><\/div><\/div><\/div><\/div><\/div><\/div><\/div><\/div>\n","protected":false},"excerpt":{"rendered":"<p>Les Terres du Nord, une r\u00e9gion l\u00e9gendaire et aust\u00e8re, abritent un peuple farouche et intr\u00e9pide connu sous le nom de Nordiens, ou Norrois. Cette contr\u00e9e est marqu\u00e9e par des paysages diversifi\u00e9s, de la p\u00e9ninsule du N\u00f6rdt, o\u00f9 les c\u00f4tes d\u00e9coup\u00e9es par les fjords rencontrent des r\u00e9gions agricoles au sud et des terres glac\u00e9es au nord, [&hellip;]<\/p>\n","protected":false},"author":1314,"featured_media":0,"comment_status":"closed","ping_status":"open","sticky":false,"template":"","format":"standard","meta":{"footnotes":""},"categories":[1,50],"tags":[],"blocksy_meta":[],"yoast_head":"<!-- This site is optimized with the Yoast SEO plugin v22.1 - https:\/\/yoast.com\/wordpress\/plugins\/seo\/ -->\n<title>Terres du Nord - Ambervale<\/title>\n<meta name=\"robots\" content=\"index, follow, max-snippet:-1, max-image-preview:large, max-video-preview:-1\" \/>\n<link rel=\"canonical\" href=\"https:\/\/ambervale.net\/index.php\/2023\/10\/14\/terresdunord\/\" \/>\n<meta property=\"og:locale\" content=\"fr_FR\" \/>\n<meta property=\"og:type\" content=\"article\" \/>\n<meta property=\"og:title\" content=\"Terres du Nord - Ambervale\" \/>\n<meta property=\"og:description\" content=\"Les Terres du Nord, une r\u00e9gion l\u00e9gendaire et aust\u00e8re, abritent un peuple farouche et intr\u00e9pide connu sous le nom de Nordiens, ou Norrois. Cette contr\u00e9e est marqu\u00e9e par des paysages diversifi\u00e9s, de la p\u00e9ninsule du N\u00f6rdt, o\u00f9 les c\u00f4tes d\u00e9coup\u00e9es par les fjords rencontrent des r\u00e9gions agricoles au sud et des terres glac\u00e9es au nord, [&hellip;]\" \/>\n<meta property=\"og:url\" content=\"https:\/\/ambervale.net\/index.php\/2023\/10\/14\/terresdunord\/\" \/>\n<meta property=\"og:site_name\" content=\"Ambervale\" \/>\n<meta property=\"article:published_time\" content=\"2023-10-14T11:42:09+00:00\" \/>\n<meta property=\"article:modified_time\" content=\"2025-01-22T17:10:19+00:00\" \/>\n<meta property=\"og:image\" content=\"https:\/\/cdna.artstation.com\/p\/assets\/images\/images\/026\/721\/190\/large\/lee-teng-chew-w5-viking-revisionb.jpg?1589539122\" \/>\n<meta name=\"author\" content=\"Kiwitos2D\" \/>\n<meta name=\"twitter:card\" content=\"summary_large_image\" \/>\n<meta name=\"twitter:label1\" content=\"\u00c9crit par\" \/>\n\t<meta name=\"twitter:data1\" content=\"Kiwitos2D\" \/>\n\t<meta name=\"twitter:label2\" content=\"Dur\u00e9e de lecture estim\u00e9e\" \/>\n\t<meta name=\"twitter:data2\" content=\"15 minutes\" \/>\n<script type=\"application\/ld+json\" class=\"yoast-schema-graph\">{\"@context\":\"https:\/\/schema.org\",\"@graph\":[{\"@type\":\"Article\",\"@id\":\"https:\/\/ambervale.net\/index.php\/2023\/10\/14\/terresdunord\/#article\",\"isPartOf\":{\"@id\":\"https:\/\/ambervale.net\/index.php\/2023\/10\/14\/terresdunord\/\"},\"author\":{\"name\":\"Kiwitos2D\",\"@id\":\"https:\/\/ambervale.net\/#\/schema\/person\/2437820bb59fe5154fb5ecc2619fe967\"},\"headline\":\"Terres du Nord\",\"datePublished\":\"2023-10-14T11:42:09+00:00\",\"dateModified\":\"2025-01-22T17:10:19+00:00\",\"mainEntityOfPage\":{\"@id\":\"https:\/\/ambervale.net\/index.php\/2023\/10\/14\/terresdunord\/\"},\"wordCount\":3156,\"publisher\":{\"@id\":\"https:\/\/ambervale.net\/#organization\"},\"articleSection\":{\"1\":\"Wiki\"},\"inLanguage\":\"fr-FR\"},{\"@type\":\"WebPage\",\"@id\":\"https:\/\/ambervale.net\/index.php\/2023\/10\/14\/terresdunord\/\",\"url\":\"https:\/\/ambervale.net\/index.php\/2023\/10\/14\/terresdunord\/\",\"name\":\"Terres du Nord - Ambervale\",\"isPartOf\":{\"@id\":\"https:\/\/ambervale.net\/#website\"},\"datePublished\":\"2023-10-14T11:42:09+00:00\",\"dateModified\":\"2025-01-22T17:10:19+00:00\",\"breadcrumb\":{\"@id\":\"https:\/\/ambervale.net\/index.php\/2023\/10\/14\/terresdunord\/#breadcrumb\"},\"inLanguage\":\"fr-FR\",\"potentialAction\":[{\"@type\":\"ReadAction\",\"target\":[\"https:\/\/ambervale.net\/index.php\/2023\/10\/14\/terresdunord\/\"]}]},{\"@type\":\"BreadcrumbList\",\"@id\":\"https:\/\/ambervale.net\/index.php\/2023\/10\/14\/terresdunord\/#breadcrumb\",\"itemListElement\":[{\"@type\":\"ListItem\",\"position\":1,\"name\":\"Accueil\",\"item\":\"https:\/\/ambervale.net\/\"},{\"@type\":\"ListItem\",\"position\":2,\"name\":\"Terres du Nord\"}]},{\"@type\":\"WebSite\",\"@id\":\"https:\/\/ambervale.net\/#website\",\"url\":\"https:\/\/ambervale.net\/\",\"name\":\"Ambervale\",\"description\":\"Serveur Full-Role-Play\",\"publisher\":{\"@id\":\"https:\/\/ambervale.net\/#organization\"},\"potentialAction\":[{\"@type\":\"SearchAction\",\"target\":{\"@type\":\"EntryPoint\",\"urlTemplate\":\"https:\/\/ambervale.net\/?s={search_term_string}\"},\"query-input\":\"required name=search_term_string\"}],\"inLanguage\":\"fr-FR\"},{\"@type\":\"Organization\",\"@id\":\"https:\/\/ambervale.net\/#organization\",\"name\":\"Ambervale\",\"url\":\"https:\/\/ambervale.net\/\",\"logo\":{\"@type\":\"ImageObject\",\"inLanguage\":\"fr-FR\",\"@id\":\"https:\/\/ambervale.net\/#\/schema\/logo\/image\/\",\"url\":\"https:\/\/ambervale.net\/wp-content\/uploads\/2024\/02\/Logo-grand.png\",\"contentUrl\":\"https:\/\/ambervale.net\/wp-content\/uploads\/2024\/02\/Logo-grand.png\",\"width\":2223,\"height\":960,\"caption\":\"Ambervale\"},\"image\":{\"@id\":\"https:\/\/ambervale.net\/#\/schema\/logo\/image\/\"},\"sameAs\":[\"https:\/\/www.instagram.com\/ambervalerp\/\",\"https:\/\/www.youtube.com\/@Ambervale-CommunauteRP\"]},{\"@type\":\"Person\",\"@id\":\"https:\/\/ambervale.net\/#\/schema\/person\/2437820bb59fe5154fb5ecc2619fe967\",\"name\":\"Kiwitos2D\",\"image\":{\"@type\":\"ImageObject\",\"inLanguage\":\"fr-FR\",\"@id\":\"https:\/\/ambervale.net\/#\/schema\/person\/image\/\",\"url\":\"https:\/\/ambervale.net\/wp-content\/uploads\/2022\/05\/avatar_user_1314_1652294323-96x96.png\",\"contentUrl\":\"https:\/\/ambervale.net\/wp-content\/uploads\/2022\/05\/avatar_user_1314_1652294323-96x96.png\",\"caption\":\"Kiwitos2D\"},\"url\":\"https:\/\/ambervale.net\/index.php\/author\/kiwitos2d\/\"}]}<\/script>\n<!-- \/ Yoast SEO plugin. -->","yoast_head_json":{"title":"Terres du Nord - Ambervale","robots":{"index":"index","follow":"follow","max-snippet":"max-snippet:-1","max-image-preview":"max-image-preview:large","max-video-preview":"max-video-preview:-1"},"canonical":"https:\/\/ambervale.net\/index.php\/2023\/10\/14\/terresdunord\/","og_locale":"fr_FR","og_type":"article","og_title":"Terres du Nord - Ambervale","og_description":"Les Terres du Nord, une r\u00e9gion l\u00e9gendaire et aust\u00e8re, abritent un peuple farouche et intr\u00e9pide connu sous le nom de Nordiens, ou Norrois. Cette contr\u00e9e est marqu\u00e9e par des paysages diversifi\u00e9s, de la p\u00e9ninsule du N\u00f6rdt, o\u00f9 les c\u00f4tes d\u00e9coup\u00e9es par les fjords rencontrent des r\u00e9gions agricoles au sud et des terres glac\u00e9es au nord, [&hellip;]","og_url":"https:\/\/ambervale.net\/index.php\/2023\/10\/14\/terresdunord\/","og_site_name":"Ambervale","article_published_time":"2023-10-14T11:42:09+00:00","article_modified_time":"2025-01-22T17:10:19+00:00","og_image":[{"url":"https:\/\/cdna.artstation.com\/p\/assets\/images\/images\/026\/721\/190\/large\/lee-teng-chew-w5-viking-revisionb.jpg?1589539122"}],"author":"Kiwitos2D","twitter_card":"summary_large_image","twitter_misc":{"\u00c9crit par":"Kiwitos2D","Dur\u00e9e de lecture estim\u00e9e":"15 minutes"},"schema":{"@context":"https:\/\/schema.org","@graph":[{"@type":"Article","@id":"https:\/\/ambervale.net\/index.php\/2023\/10\/14\/terresdunord\/#article","isPartOf":{"@id":"https:\/\/ambervale.net\/index.php\/2023\/10\/14\/terresdunord\/"},"author":{"name":"Kiwitos2D","@id":"https:\/\/ambervale.net\/#\/schema\/person\/2437820bb59fe5154fb5ecc2619fe967"},"headline":"Terres du Nord","datePublished":"2023-10-14T11:42:09+00:00","dateModified":"2025-01-22T17:10:19+00:00","mainEntityOfPage":{"@id":"https:\/\/ambervale.net\/index.php\/2023\/10\/14\/terresdunord\/"},"wordCount":3156,"publisher":{"@id":"https:\/\/ambervale.net\/#organization"},"articleSection":{"1":"Wiki"},"inLanguage":"fr-FR"},{"@type":"WebPage","@id":"https:\/\/ambervale.net\/index.php\/2023\/10\/14\/terresdunord\/","url":"https:\/\/ambervale.net\/index.php\/2023\/10\/14\/terresdunord\/","name":"Terres du Nord - Ambervale","isPartOf":{"@id":"https:\/\/ambervale.net\/#website"},"datePublished":"2023-10-14T11:42:09+00:00","dateModified":"2025-01-22T17:10:19+00:00","breadcrumb":{"@id":"https:\/\/ambervale.net\/index.php\/2023\/10\/14\/terresdunord\/#breadcrumb"},"inLanguage":"fr-FR","potentialAction":[{"@type":"ReadAction","target":["https:\/\/ambervale.net\/index.php\/2023\/10\/14\/terresdunord\/"]}]},{"@type":"BreadcrumbList","@id":"https:\/\/ambervale.net\/index.php\/2023\/10\/14\/terresdunord\/#breadcrumb","itemListElement":[{"@type":"ListItem","position":1,"name":"Accueil","item":"https:\/\/ambervale.net\/"},{"@type":"ListItem","position":2,"name":"Terres du Nord"}]},{"@type":"WebSite","@id":"https:\/\/ambervale.net\/#website","url":"https:\/\/ambervale.net\/","name":"Ambervale","description":"Serveur Full-Role-Play","publisher":{"@id":"https:\/\/ambervale.net\/#organization"},"potentialAction":[{"@type":"SearchAction","target":{"@type":"EntryPoint","urlTemplate":"https:\/\/ambervale.net\/?s={search_term_string}"},"query-input":"required name=search_term_string"}],"inLanguage":"fr-FR"},{"@type":"Organization","@id":"https:\/\/ambervale.net\/#organization","name":"Ambervale","url":"https:\/\/ambervale.net\/","logo":{"@type":"ImageObject","inLanguage":"fr-FR","@id":"https:\/\/ambervale.net\/#\/schema\/logo\/image\/","url":"https:\/\/ambervale.net\/wp-content\/uploads\/2024\/02\/Logo-grand.png","contentUrl":"https:\/\/ambervale.net\/wp-content\/uploads\/2024\/02\/Logo-grand.png","width":2223,"height":960,"caption":"Ambervale"},"image":{"@id":"https:\/\/ambervale.net\/#\/schema\/logo\/image\/"},"sameAs":["https:\/\/www.instagram.com\/ambervalerp\/","https:\/\/www.youtube.com\/@Ambervale-CommunauteRP"]},{"@type":"Person","@id":"https:\/\/ambervale.net\/#\/schema\/person\/2437820bb59fe5154fb5ecc2619fe967","name":"Kiwitos2D","image":{"@type":"ImageObject","inLanguage":"fr-FR","@id":"https:\/\/ambervale.net\/#\/schema\/person\/image\/","url":"https:\/\/ambervale.net\/wp-content\/uploads\/2022\/05\/avatar_user_1314_1652294323-96x96.png","contentUrl":"https:\/\/ambervale.net\/wp-content\/uploads\/2022\/05\/avatar_user_1314_1652294323-96x96.png","caption":"Kiwitos2D"},"url":"https:\/\/ambervale.net\/index.php\/author\/kiwitos2d\/"}]}},"_links":{"self":[{"href":"https:\/\/ambervale.net\/index.php\/wp-json\/wp\/v2\/posts\/3228"}],"collection":[{"href":"https:\/\/ambervale.net\/index.php\/wp-json\/wp\/v2\/posts"}],"about":[{"href":"https:\/\/ambervale.net\/index.php\/wp-json\/wp\/v2\/types\/post"}],"author":[{"embeddable":true,"href":"https:\/\/ambervale.net\/index.php\/wp-json\/wp\/v2\/users\/1314"}],"replies":[{"embeddable":true,"href":"https:\/\/ambervale.net\/index.php\/wp-json\/wp\/v2\/comments?post=3228"}],"version-history":[{"count":19,"href":"https:\/\/ambervale.net\/index.php\/wp-json\/wp\/v2\/posts\/3228\/revisions"}],"predecessor-version":[{"id":4153,"href":"https:\/\/ambervale.net\/index.php\/wp-json\/wp\/v2\/posts\/3228\/revisions\/4153"}],"wp:attachment":[{"href":"https:\/\/ambervale.net\/index.php\/wp-json\/wp\/v2\/media?parent=3228"}],"wp:term":[{"taxonomy":"category","embeddable":true,"href":"https:\/\/ambervale.net\/index.php\/wp-json\/wp\/v2\/categories?post=3228"},{"taxonomy":"post_tag","embeddable":true,"href":"https:\/\/ambervale.net\/index.php\/wp-json\/wp\/v2\/tags?post=3228"}],"curies":[{"name":"wp","href":"https:\/\/api.w.org\/{rel}","templated":true}]}}